{"id":5,"date":"2006-02-28T00:59:00","date_gmt":"2006-02-28T00:59:00","guid":{"rendered":"https:\/\/www.luigipignatiello.com\/blog\/?p=5"},"modified":"2015-01-08T17:16:46","modified_gmt":"2015-01-08T17:16:46","slug":"ciao-a-tutti-langolo-della-creativita-lottomana","status":"publish","type":"post","link":"https:\/\/luigipignatiello.com\/blog\/?p=5","title":{"rendered":"Ciao a Tutti &#8211; L&#8217;angolo della creativit\u00e0: l&#8217;ottomana"},"content":{"rendered":"<h4><span style=\"font-weight: normal; text-decoration: nonefont-family:Verdana; font-size: 12;\"><span style=\"font-weight: bold; font-size: 100%;\">Ciao a Tutti!<\/span><!--?xml:namespace prefix = o ?--><\/span><\/h4>\n<p class=\"MsoNormal\"><span style=\"font-family: Verdana;\">Con la calda e vivida emozione che provo ogni qual volta mi immergo in una stimolante novit\u00e0, apro il mio blog, che conterr\u00e0 notizie, riflessioni, musica, arte, idee. E&#8217; mia intenzione aprire anche <\/span><span style=\"font-family: Verdana;\">uno spazio che<\/span><span style=\"font-family: Verdana;\"> probabilmente chiamer\u00f2 <b>l\u2019angolo della creativit\u00e0<\/b> e che vado ad inaugurare con: L&#8217;ottomana.<\/span><\/p>\n<p class=\"MsoNormal\"><span style=\"font-family: Verdana;\">Invito tutti a partecipare attivamente.<\/span><\/p>\n<p class=\"MsoNormal\"><span style=\"font-family: Verdana;\">Piccolo cappello: <b>Creare fa bene<\/b>. La creazione \u00e8 la manifestazione della vita, dimostra che colui che la pratica \u00e8 un essere vivente e come tale \u00e8 felice di prodursi in qualcosa di proprio ed originale.<br \/>\nIl creare, la creazione, il \u201ccreato\u201d (da non confondere con il \u201ccroato\u201d).<br \/>\nQuando creiamo stiamo bene ed \u00e8 per questo che vi invito a partecipare. Fatelo. Senza dubbi.<\/span><\/p>\n<p class=\"MsoNormal\">\n<p class=\"MsoNormal\"><span style=\"font-family: Verdana;\">Allora si comincia:<\/span><\/p>\n<p class=\"MsoNormal\">\n<p class=\"MsoNormal\"><span style=\"font-family: Verdana;\">Si lavora troppo, ci sono dei livelli di stress che si stagliano come nubi sulle nostre teste affollate e troppo spesso rinchiuse nelle basse soffitte vaporose degli uffici e dei metr\u00f2.<\/span><\/p>\n<p class=\"MsoNormal\"><span style=\"font-family: Verdana;\">Abbiamo bisogno di pi\u00f9 tempo per fare \u201cnulla\u201d. Si nulla. <i>L&#8217;ozio. L\u2019otium.<\/i><\/span><\/p>\n<p class=\"MsoNormal\"><span style=\"font-family: Verdana;\">I Classici lo conoscevano bene da Cicerone a Seneca a Petrarca, e ce l\u2019 hanno tramandato, ma siccome era bello e faceva bene, noi abbiamo pensato di eliminarlo dalle nostre vite. <\/span><\/p>\n<p class=\"MsoNormal\">\n<p class=\"MsoNormal\"><span style=\"font-family: Verdana;\">Ebbene la mia idea \u00e8 questa:<\/span><\/p>\n<p class=\"MsoNormal\"><span style=\"font-family: Verdana;\">basterebbe togliere un ora e mezza al giorno ed un ora e mezza alla sera per un totale di tre ore al giorno. Se le nostre giornate diventassero di 21 ore anzich\u00e9 24, non cascherebbe il mondo no?!!<\/span><\/p>\n<p class=\"MsoNormal\"><span style=\"font-family: Verdana;\">Per\u00f2 in compenso se quelle 3 ore le moltiplichiamo per i sette giorni della settimana, ecco l\u00ec che abbiamo un giorno in pi\u00f9 di 21 ore. <\/span><\/p>\n<p class=\"MsoNormal\"><span style=\"font-family: Verdana;\">Quindi 8 giorni in tutto di 21 ore ciascuno.<\/span><\/p>\n<p class=\"MsoNormal\"><b><span style=\"font-family: Verdana;\">L\u2019ottomana. <\/span><\/b><\/p>\n<p class=\"MsoNormal\"><span style=\"font-family: Verdana;\">Il giorno dell\u2019<i>otium<\/i>, oppure la gioia di chi ama gli straordinari a lavoro. Pensate la felicit\u00e0 degli stacanovisti. Avrebbero un giorno in pi\u00f9 per lavorare. Grandioso.<\/span><\/p>\n<p class=\"MsoNormal\"><span style=\"font-family: Verdana;\">Riflettete profondamente: 3 ore in meno al giorno ed un giorno in pi\u00f9 a settimana. <\/span><\/p>\n<p class=\"MsoNormal\"><span style=\"font-family: Verdana;\">Togliendo un ora e mezza al mattino ed un ora e mezza alla sera, non sar\u00e0 un grosso sacrificio\u2026<\/span><\/p>\n<p class=\"MsoNormal\"><span style=\"font-family: Verdana;\">Vi aspetto<\/span><\/p>\n<p class=\"MsoNormal\">\n<p class=\"MsoNormal\">\n<p class=\"MsoNormal\"><span style=\"font-family: Verdana; font-size: 10;\"><span style=\"font-size: 78%;\"><span style=\"font-weight: bold;\">Spero sia per tutti o nessuno pi\u00f9 o meno chiaroscuro<\/span><\/span> <\/span><\/p>\n<p class=\"MsoNormal\"><span style=\"font-family: Verdana;\"><br \/>\n<i><\/i><\/span><\/p>\n","protected":false},"excerpt":{"rendered":"<p>Ciao a Tutti! Con la calda e vivida emozione che provo ogni qual volta mi immergo in una stimolante novit\u00e0, apro il mio blog, che conterr\u00e0 notizie, riflessioni, musica, arte, idee. E&#8217; mia intenzione&#46;&#46;&#46;<\/p>\n","protected":false},"author":1,"featured_media":0,"comment_status":"open","ping_status":"open","sticky":false,"template":"","format":"standard","meta":{"footnotes":""},"categories":[35],"tags":[],"class_list":["post-5","post","type-post","status-publish","format-standard","hentry","category-italy"],"_links":{"self":[{"href":"https:\/\/luigipignatiello.com\/blog\/index.php?rest_route=\/wp\/v2\/posts\/5","targetHints":{"allow":["GET"]}}],"collection":[{"href":"https:\/\/luigipignatiello.com\/blog\/index.php?rest_route=\/wp\/v2\/posts"}],"about":[{"href":"https:\/\/luigipignatiello.com\/blog\/index.php?rest_route=\/wp\/v2\/types\/post"}],"author":[{"embeddable":true,"href":"https:\/\/luigipignatiello.com\/blog\/index.php?rest_route=\/wp\/v2\/users\/1"}],"replies":[{"embeddable":true,"href":"https:\/\/luigipignatiello.com\/blog\/index.php?rest_route=%2Fwp%2Fv2%2Fcomments&post=5"}],"version-history":[{"count":2,"href":"https:\/\/luigipignatiello.com\/blog\/index.php?rest_route=\/wp\/v2\/posts\/5\/revisions"}],"predecessor-version":[{"id":2386,"href":"https:\/\/luigipignatiello.com\/blog\/index.php?rest_route=\/wp\/v2\/posts\/5\/revisions\/2386"}],"wp:attachment":[{"href":"https:\/\/luigipignatiello.com\/blog\/index.php?rest_route=%2Fwp%2Fv2%2Fmedia&parent=5"}],"wp:term":[{"taxonomy":"category","embeddable":true,"href":"https:\/\/luigipignatiello.com\/blog\/index.php?rest_route=%2Fwp%2Fv2%2Fcategories&post=5"},{"taxonomy":"post_tag","embeddable":true,"href":"https:\/\/luigipignatiello.com\/blog\/index.php?rest_route=%2Fwp%2Fv2%2Ftags&post=5"}],"curies":[{"name":"wp","href":"https:\/\/api.w.org\/{rel}","templated":true}]}}